{"id":403,"date":"2026-03-29T19:02:22","date_gmt":"2026-03-29T17:02:22","guid":{"rendered":"https:\/\/ceramique-allouin.fr\/news\/?p=403"},"modified":"2026-03-29T19:02:22","modified_gmt":"2026-03-29T17:02:22","slug":"premier-marche-de-potiers","status":"publish","type":"post","link":"https:\/\/ceramique-allouin.fr\/news\/index.php\/2026\/03\/29\/premier-marche-de-potiers\/","title":{"rendered":"Premier march\u00e9 de potiers"},"content":{"rendered":"\n<figure class=\"wp-block-image size-large\"><img loading=\"lazy\" width=\"724\" height=\"1024\" src=\"https:\/\/ceramique-allouin.fr\/news\/wp-content\/uploads\/2026\/03\/AFFICHE-POTIERS-1-2-724x1024.jpg\" alt=\"\" class=\"wp-image-404\" srcset=\"https:\/\/ceramique-allouin.fr\/news\/wp-content\/uploads\/2026\/03\/AFFICHE-POTIERS-1-2-724x1024.jpg 724w, https:\/\/ceramique-allouin.fr\/news\/wp-content\/uploads\/2026\/03\/AFFICHE-POTIERS-1-2-212x300.jpg 212w, https:\/\/ceramique-allouin.fr\/news\/wp-content\/uploads\/2026\/03\/AFFICHE-POTIERS-1-2-768x1086.jpg 768w, https:\/\/ceramique-allouin.fr\/news\/wp-content\/uploads\/2026\/03\/AFFICHE-POTIERS-1-2-1086x1536.jpg 1086w, https:\/\/ceramique-allouin.fr\/news\/wp-content\/uploads\/2026\/03\/AFFICHE-POTIERS-1-2.jpg 1170w\" sizes=\"(max-width: 724px) 100vw, 724px\" \/><figcaption>N&rsquo;oubliez pas que les potiers ne prennent pas tous la carte bleue et prenez un sac r\u00e9utilisable (au cas ou&#8230;&#8230;)<\/figcaption><\/figure>\n\n\n\n<p>Meillonnas c&rsquo;est dans le d\u00e9partement de l&rsquo;Ain \u00e0 20 minutes \u00e0 l&rsquo;est de Bourg en bresse<\/p>\n","protected":false},"excerpt":{"rendered":"<p>Meillonnas c&rsquo;est dans le d\u00e9partement de l&rsquo;Ain \u00e0 20 minutes \u00e0 l&rsquo;est de Bourg en bresse<\/p>\n","protected":false},"author":1,"featured_media":0,"comment_status":"closed","ping_status":"","sticky":false,"template":"","format":"standard","meta":[],"categories":[1],"tags":[],"_links":{"self":[{"href":"https:\/\/ceramique-allouin.fr\/news\/index.php\/wp-json\/wp\/v2\/posts\/403"}],"collection":[{"href":"https:\/\/ceramique-allouin.fr\/news\/index.php\/wp-json\/wp\/v2\/posts"}],"about":[{"href":"https:\/\/ceramique-allouin.fr\/news\/index.php\/wp-json\/wp\/v2\/types\/post"}],"author":[{"embeddable":true,"href":"https:\/\/ceramique-allouin.fr\/news\/index.php\/wp-json\/wp\/v2\/users\/1"}],"replies":[{"embeddable":true,"href":"https:\/\/ceramique-allouin.fr\/news\/index.php\/wp-json\/wp\/v2\/comments?post=403"}],"version-history":[{"count":1,"href":"https:\/\/ceramique-allouin.fr\/news\/index.php\/wp-json\/wp\/v2\/posts\/403\/revisions"}],"predecessor-version":[{"id":405,"href":"https:\/\/ceramique-allouin.fr\/news\/index.php\/wp-json\/wp\/v2\/posts\/403\/revisions\/405"}],"wp:attachment":[{"href":"https:\/\/ceramique-allouin.fr\/news\/index.php\/wp-json\/wp\/v2\/media?parent=403"}],"wp:term":[{"taxonomy":"category","embeddable":true,"href":"https:\/\/ceramique-allouin.fr\/news\/index.php\/wp-json\/wp\/v2\/categories?post=403"},{"taxonomy":"post_tag","embeddable":true,"href":"https:\/\/ceramique-allouin.fr\/news\/index.php\/wp-json\/wp\/v2\/tags?post=403"}],"curies":[{"name":"wp","href":"https:\/\/api.w.org\/{rel}","templated":true}]}}